{"id":2690,"date":"2017-01-23T00:28:20","date_gmt":"2017-01-22T23:28:20","guid":{"rendered":"https:\/\/www.campdeski.ch\/?p=2690"},"modified":"2017-11-29T22:46:57","modified_gmt":"2017-11-29T21:46:57","slug":"dimanche-a-la-montagne","status":"publish","type":"post","link":"https:\/\/www.campdeski.ch\/wp\/dimanche-a-la-montagne\/","title":{"rendered":"Dimanche \u00e0 la montagne"},"content":{"rendered":"<p>Hello tous !!<\/p>\n<p>Des nouvelles de vos ch\u00e8res t\u00eates blondes un peu tardive mais ind\u00e9pendantes de notre volont\u00e9 &#8230; quoique, on fait un peu comme on veut l\u00e0-haut &#8230; \ud83d\ude09<\/p>\n<p>Apr\u00e8s \u00eatre arriv\u00e9 \u00e0 Grindelwald avec le retard pr\u00e9vu au d\u00e9part et sans autres encombres, les enfants ont pris d&rsquo;assaut les chambres des Lodges.<\/p>\n<p>Juste le temps de &nbsp;d\u00e9baller une petite partie des affaires, voil\u00e0 que la cloche du souper a retentit. Quelques explications concernant l&rsquo;ordre du jour, une bonne souplette de lettres et deux ou trois morceaux issus des plats froids que le nouveau chef de cuisine et son \u00e9quipe nous a pr\u00e9par\u00e9 et nous voil\u00e0 parti pour une bonne trempette \u00e0 la piscine (rien que pour nous d&rsquo;ailleurs) afin d&rsquo;\u00e9conomiser l&rsquo;eau chaude des cantonements&#8230; et puis retour en chambre pour le premier Dodo &#8230; enfin &#8230; pour celles-et-ceux qui seront fatigu\u00e9s !<\/p>\n<p><a href=\"https:\/\/www.campdeski.ch\/gallery2\/v\/Camp+de+ski+2017+-+Grindelwald\/01-Dimanche\/\">Vers les photos de ce dimanche \u00e0 &nbsp;la montagne !<\/a><\/p>\n<p>A demain !!<\/p>\n","protected":false},"excerpt":{"rendered":"<p>Hello tous !! Des nouvelles de vos ch\u00e8res t\u00eates blondes un peu tardive mais ind\u00e9pendantes de notre volont\u00e9 &#8230; quoique, on fait un peu comme on veut l\u00e0-haut &#8230; \ud83d\ude09 Apr\u00e8s \u00eatre arriv\u00e9 \u00e0 Grindelwald avec le retard pr\u00e9vu au d\u00e9part et sans autres encombres, les enfants ont pris d&rsquo;assaut les chambres des Lodges. Juste &hellip; <a href=\"https:\/\/www.campdeski.ch\/wp\/dimanche-a-la-montagne\/\" class=\"more-link\">Continuer la lecture de <span class=\"screen-reader-text\">Dimanche \u00e0 la montagne<\/span>  <span class=\"meta-nav\">&rarr;<\/span><\/a><\/p>\n","protected":false},"author":1,"featured_media":2691,"comment_status":"open","ping_status":"open","sticky":false,"template":"","format":"standard","meta":{"ngg_post_thumbnail":0,"jetpack_post_was_ever_published":false,"_jetpack_newsletter_access":"","_jetpack_dont_email_post_to_subs":true,"_jetpack_newsletter_tier_id":0,"_jetpack_memberships_contains_paywalled_content":false,"footnotes":"","_jetpack_memberships_contains_paid_content":false},"categories":[2],"tags":[43,20],"jetpack_featured_media_url":"https:\/\/i0.wp.com\/www.campdeski.ch\/wp\/wp-content\/uploads\/2017\/01\/2017-01-22_Cski-2017-dimanche-098.jpg?fit=1038%2C692&ssl=1","jetpack_shortlink":"https:\/\/wp.me\/p7feXS-Ho","jetpack_sharing_enabled":true,"_links":{"self":[{"href":"https:\/\/www.campdeski.ch\/wp\/wp-json\/wp\/v2\/posts\/2690"}],"collection":[{"href":"https:\/\/www.campdeski.ch\/wp\/wp-json\/wp\/v2\/posts"}],"about":[{"href":"https:\/\/www.campdeski.ch\/wp\/wp-json\/wp\/v2\/types\/post"}],"author":[{"embeddable":true,"href":"https:\/\/www.campdeski.ch\/wp\/wp-json\/wp\/v2\/users\/1"}],"replies":[{"embeddable":true,"href":"https:\/\/www.campdeski.ch\/wp\/wp-json\/wp\/v2\/comments?post=2690"}],"version-history":[{"count":0,"href":"https:\/\/www.campdeski.ch\/wp\/wp-json\/wp\/v2\/posts\/2690\/revisions"}],"wp:featuredmedia":[{"embeddable":true,"href":"https:\/\/www.campdeski.ch\/wp\/wp-json\/wp\/v2\/media\/2691"}],"wp:attachment":[{"href":"https:\/\/www.campdeski.ch\/wp\/wp-json\/wp\/v2\/media?parent=2690"}],"wp:term":[{"taxonomy":"category","embeddable":true,"href":"https:\/\/www.campdeski.ch\/wp\/wp-json\/wp\/v2\/categories?post=2690"},{"taxonomy":"post_tag","embeddable":true,"href":"https:\/\/www.campdeski.ch\/wp\/wp-json\/wp\/v2\/tags?post=2690"}],"curies":[{"name":"wp","href":"https:\/\/api.w.org\/{rel}","templated":true}]}}