{"id":2703,"date":"2017-01-27T01:20:55","date_gmt":"2017-01-27T00:20:55","guid":{"rendered":"https:\/\/www.campdeski.ch\/?p=2703"},"modified":"2017-11-29T22:48:16","modified_gmt":"2017-11-29T21:48:16","slug":"le-jeudi-des-larmes","status":"publish","type":"post","link":"https:\/\/www.campdeski.ch\/wp\/le-jeudi-des-larmes\/","title":{"rendered":"Le Jeudi &#8230; des larmes !"},"content":{"rendered":"<p>Hellooooo&#8230;..<\/p>\n<p>Comme toujours apr\u00e8s la soir\u00e9e du jeudi, le temps au camp nous est compt\u00e9 alors je vais faire court &#8230; ou pas :<\/p>\n<ul>\n<li>Les avanc\u00e9s et les experts sont all\u00e9s du c\u00f4t\u00e9 de Wengen avec armes et bagages (entendez : ski et sandwich) pour une journ\u00e9e compl\u00e8te sur ce magnifique domaine.<\/li>\n<li>Les novices qui n&rsquo;avaient pas pu participer mercredi&nbsp;ont pu effectuer leur slalom dans des conditions magnifiques (ndlr : encore d\u00e9sol\u00e9 pour ce soleil radieux &#8230; )<\/li>\n<li>Le chargement des affaires a d\u00e9j\u00e0 commenc\u00e9, dans une certaine tristesse, mais aussi de joie de pouvoir retrouver les Chaussettes, Minouchettes, Bamboo, etc&#8230;<\/li>\n<li>etc&#8230;.<\/li>\n<\/ul>\n<p>MAIS &#8230;<\/p>\n<p>&#8230;. UNE PREMIERE Au camp est \u00e0 constater:<\/p>\n<p>Tous les 8H se sont effondr\u00e9s parmi, en larme, lors des \u00ab\u00a0adieux\u00a0\u00bb au camp en fin de boum &#8230; Les moniteurs ont eu grand peine \u00e0 faire s\u00e9cher ces larmes qui n&rsquo;\u00e9taient pas de crocodiles, je vous l&rsquo;assure !<\/p>\n<p>Voil\u00e0 sinon : <a href=\"https:\/\/www.campdeski.ch\/gallery2\/v\/Camp+de+ski+2017+-+Grindelwald\/07+-+Jeudi\/\">les photos du jour c&rsquo;est par-l\u00e0<\/a> et <a href=\"https:\/\/www.campdeski.ch\/gallery2\/v\/Camp+de+ski+2017+-+Grindelwald\/09+-+Disco\/\">celle de la remise des prix\/disco\/larmichettes par ici<\/a><\/p>\n<p>Voil\u00e0 bis, demain on vous rend vos t\u00eates blondes dans l&rsquo;apr\u00e8s-midi comme pr\u00e9vu. Pensez \u00e0 les faire dormir un peu plus afin qu&rsquo;ils r\u00eavent encore un peu, le temps d&rsquo;un week-end, \u00e0 ce magnifique camp 2017 !<\/p>\n","protected":false},"excerpt":{"rendered":"<p>Hellooooo&#8230;.. Comme toujours apr\u00e8s la soir\u00e9e du jeudi, le temps au camp nous est compt\u00e9 alors je vais faire court &#8230; ou pas : Les avanc\u00e9s et les experts sont all\u00e9s du c\u00f4t\u00e9 de Wengen avec armes et bagages (entendez : ski et sandwich) pour une journ\u00e9e compl\u00e8te sur ce magnifique domaine. Les novices qui &hellip; <a href=\"https:\/\/www.campdeski.ch\/wp\/le-jeudi-des-larmes\/\" class=\"more-link\">Continuer la lecture de <span class=\"screen-reader-text\">Le Jeudi &#8230; des larmes !<\/span>  <span class=\"meta-nav\">&rarr;<\/span><\/a><\/p>\n","protected":false},"author":1,"featured_media":2704,"comment_status":"open","ping_status":"open","sticky":false,"template":"","format":"standard","meta":{"ngg_post_thumbnail":0,"jetpack_post_was_ever_published":false,"_jetpack_newsletter_access":"","_jetpack_dont_email_post_to_subs":true,"_jetpack_newsletter_tier_id":0,"_jetpack_memberships_contains_paywalled_content":false,"footnotes":"","_jetpack_memberships_contains_paid_content":false},"categories":[2],"tags":[43,20],"jetpack_featured_media_url":"https:\/\/i0.wp.com\/www.campdeski.ch\/wp\/wp-content\/uploads\/2017\/01\/2017-01-26_cski-2017-jeudi-disco-060.jpg?fit=1038%2C693&ssl=1","jetpack_shortlink":"https:\/\/wp.me\/p7feXS-HB","jetpack_sharing_enabled":true,"_links":{"self":[{"href":"https:\/\/www.campdeski.ch\/wp\/wp-json\/wp\/v2\/posts\/2703"}],"collection":[{"href":"https:\/\/www.campdeski.ch\/wp\/wp-json\/wp\/v2\/posts"}],"about":[{"href":"https:\/\/www.campdeski.ch\/wp\/wp-json\/wp\/v2\/types\/post"}],"author":[{"embeddable":true,"href":"https:\/\/www.campdeski.ch\/wp\/wp-json\/wp\/v2\/users\/1"}],"replies":[{"embeddable":true,"href":"https:\/\/www.campdeski.ch\/wp\/wp-json\/wp\/v2\/comments?post=2703"}],"version-history":[{"count":0,"href":"https:\/\/www.campdeski.ch\/wp\/wp-json\/wp\/v2\/posts\/2703\/revisions"}],"wp:featuredmedia":[{"embeddable":true,"href":"https:\/\/www.campdeski.ch\/wp\/wp-json\/wp\/v2\/media\/2704"}],"wp:attachment":[{"href":"https:\/\/www.campdeski.ch\/wp\/wp-json\/wp\/v2\/media?parent=2703"}],"wp:term":[{"taxonomy":"category","embeddable":true,"href":"https:\/\/www.campdeski.ch\/wp\/wp-json\/wp\/v2\/categories?post=2703"},{"taxonomy":"post_tag","embeddable":true,"href":"https:\/\/www.campdeski.ch\/wp\/wp-json\/wp\/v2\/tags?post=2703"}],"curies":[{"name":"wp","href":"https:\/\/api.w.org\/{rel}","templated":true}]}}