{"id":2798,"date":"2018-01-22T23:29:15","date_gmt":"2018-01-22T22:29:15","guid":{"rendered":"https:\/\/www.campdeski.ch\/?p=2798"},"modified":"2019-01-30T16:47:48","modified_gmt":"2019-01-30T15:47:48","slug":"allo-lundi-mais-a-leau-quoi","status":"publish","type":"post","link":"https:\/\/www.campdeski.ch\/wp\/allo-lundi-mais-a-leau-quoi\/","title":{"rendered":"Allo Lundi ?? &#8230; mais \u00e0 l&rsquo;eau &#8230; quoi !"},"content":{"rendered":"<p>Bon&#8230; celui qui dit que le but du camp de ski est d&rsquo;aller skier ou surfer en montagne sur de la neige &#8230; a vraiment tort !<br \/>\nAujourd&rsquo;hui, nous avons surfer entre les flaques d&rsquo;eau et les changements de programme de derni\u00e8res minutes.<\/p>\n<p>La pluie a eu raison de notre premi\u00e8re escapade sur les pistes : tout est tomb\u00e9 \u00e0 l&rsquo;eau &#8230; ou dans l&rsquo;eau, si on veut \u00eatre pr\u00e9cis.<\/p>\n<p>Mais contre mauvaise fortune, bon coeur!, le nouveau programme fut quand m\u00eame appr\u00e9ci\u00e9 par toutes et tous.<\/p>\n<p>D&rsquo;ailleurs, la petite phrase du jour en est la preuve :<\/p>\n<blockquote><p>Simon : \u00ab\u00a0J&rsquo;savais pas patin\u00e9 avant mais j&rsquo;crois que j&rsquo;ai bien progress\u00e9 aujourd&rsquo;hui, surtout que j&rsquo;ai pas de patinoire \u00e0 la maison!\u00a0\u00bb<\/p>\n<\/blockquote>\n<p>Sinon, notre nouvelle \u00e9quipe cuisine a \u00e9t\u00e9 adopt\u00e9e \u00e0 l&rsquo;unanimit\u00e9 apr\u00e8s les deux repas de ce lundi pluvieux : elle a su nous r\u00e9conforter avec sa dinde au curry et ses cornettes bolognaises (nous avons juste remarqu\u00e9 qu&rsquo;il manquait un excellent rouge dans la r\u00e9serve, mais comme dit le dicton \u00ab\u00a0une panse bien remplie m\u00e9rite bien quelques sacrifices!\u00a0\u00bb)<\/p>\n<p>Cette ann\u00e9e, la traditionnelle Nuit des Talents aura lieu sur deux soir tant le nombre de participants est en augmentation : plus de 20 prestations sont au programme sur les deux soirees pr\u00e9vues. Du jamais vu, m\u00eame M6 nous a envoy\u00e9 un mail pour savoir comment nous faisons pour avoir autant du futurs Stars dans un si petit coin de pays. Nous n&rsquo;avons bien entendu pas r\u00e9pondu : le secret reste bien gard\u00e9.<\/p>\n<p>Mais pour l&rsquo;heure, il est temps pour nous d&rsquo;aller surfer la derni\u00e8re vague de la journ\u00e9e et de s\u00e9cher un peu pour pouvoir \u00ab\u00a0Repartir comme en 40!\u00a0\u00bb demain &#8230;<\/p>\n<p>Bonne nuit !<\/p>\n<p>PS: Pour les images du programme chamboul\u00e9 par les d\u00e9ferlantes pluvieuses : c&rsquo;est <a href=\"https:\/\/www.campdeski.ch\/gallery2\/v\/Camp+de+ski+2018+-+Grindelwald\/02+-+Lundi\/\">par-l\u00e0 &#8230;<\/a><br \/>\nPS2: Pour les vagues de talents (attention \u00e0 ne pas intervertir ces deux mots!) : c&rsquo;est <a href=\"https:\/\/www.campdeski.ch\/gallery2\/v\/Camp+de+ski+2018+-+Grindelwald\/03+-+Talents+I\/\">par-ici &#8230;<\/a><\/p>\n","protected":false},"excerpt":{"rendered":"<p>Bon&#8230; celui qui dit que le but du camp de ski est d&rsquo;aller skier ou surfer en montagne sur de la neige &#8230; a vraiment tort ! Aujourd&rsquo;hui, nous avons surfer entre les flaques d&rsquo;eau et les changements de programme de derni\u00e8res minutes. La pluie a eu raison de notre premi\u00e8re escapade sur les pistes &hellip; <a href=\"https:\/\/www.campdeski.ch\/wp\/allo-lundi-mais-a-leau-quoi\/\" class=\"more-link\">Continuer la lecture de <span class=\"screen-reader-text\">Allo Lundi ?? &#8230; mais \u00e0 l&rsquo;eau &#8230; quoi !<\/span>  <span class=\"meta-nav\">&rarr;<\/span><\/a><\/p>\n","protected":false},"author":1,"featured_media":2799,"comment_status":"open","ping_status":"open","sticky":false,"template":"","format":"standard","meta":{"ngg_post_thumbnail":0,"jetpack_post_was_ever_published":false,"_jetpack_newsletter_access":"","_jetpack_dont_email_post_to_subs":false,"_jetpack_newsletter_tier_id":0,"_jetpack_memberships_contains_paywalled_content":false,"footnotes":"","_jetpack_memberships_contains_paid_content":false},"categories":[2],"tags":[47,20],"jetpack_featured_media_url":"https:\/\/i0.wp.com\/www.campdeski.ch\/wp\/wp-content\/uploads\/2018\/01\/2018-01-22_Cski-2018-02-Lundi-0124.jpg?fit=1038%2C692&ssl=1","jetpack_shortlink":"https:\/\/wp.me\/p7feXS-J8","jetpack_sharing_enabled":true,"_links":{"self":[{"href":"https:\/\/www.campdeski.ch\/wp\/wp-json\/wp\/v2\/posts\/2798"}],"collection":[{"href":"https:\/\/www.campdeski.ch\/wp\/wp-json\/wp\/v2\/posts"}],"about":[{"href":"https:\/\/www.campdeski.ch\/wp\/wp-json\/wp\/v2\/types\/post"}],"author":[{"embeddable":true,"href":"https:\/\/www.campdeski.ch\/wp\/wp-json\/wp\/v2\/users\/1"}],"replies":[{"embeddable":true,"href":"https:\/\/www.campdeski.ch\/wp\/wp-json\/wp\/v2\/comments?post=2798"}],"version-history":[{"count":0,"href":"https:\/\/www.campdeski.ch\/wp\/wp-json\/wp\/v2\/posts\/2798\/revisions"}],"wp:featuredmedia":[{"embeddable":true,"href":"https:\/\/www.campdeski.ch\/wp\/wp-json\/wp\/v2\/media\/2799"}],"wp:attachment":[{"href":"https:\/\/www.campdeski.ch\/wp\/wp-json\/wp\/v2\/media?parent=2798"}],"wp:term":[{"taxonomy":"category","embeddable":true,"href":"https:\/\/www.campdeski.ch\/wp\/wp-json\/wp\/v2\/categories?post=2798"},{"taxonomy":"post_tag","embeddable":true,"href":"https:\/\/www.campdeski.ch\/wp\/wp-json\/wp\/v2\/tags?post=2798"}],"curies":[{"name":"wp","href":"https:\/\/api.w.org\/{rel}","templated":true}]}}